{"id":116353,"date":"2025-03-27T09:45:09","date_gmt":"2025-03-27T09:45:09","guid":{"rendered":"https:\/\/www.star-ts.com\/an-bhri-ata-le-dath-timpeall-an-domhain\/"},"modified":"2025-03-27T09:45:11","modified_gmt":"2025-03-27T09:45:11","slug":"an-bhri-ata-le-dath-timpeall-an-domhain","status":"publish","type":"post","link":"https:\/\/www.star-ts.com\/ga\/aistriuchan\/an-bhri-ata-le-dath-timpeall-an-domhain\/","title":{"rendered":"An Bhr\u00ed at\u00e1 le Dath timpeall an Domhain"},"content":{"rendered":"<section  class='av_textblock_section av-klhxvjy9-92ca018fa5ca6735eae3218ee4b5e4d7 '   itemscope=\"itemscope\" itemtype=\"https:\/\/schema.org\/BlogPosting\" itemprop=\"blogPost\" ><div class='avia_textblock'  itemprop=\"text\" ><p><img decoding=\"async\" class=\"aligncenter size-full wp-image-18922\" src=\"https:\/\/www.star-ts.com\/wp-content\/uploads\/2017\/11\/colour-1885352_1280.jpg\" alt=\"colour-1885352_1280\" width=\"1280\" height=\"904\" srcset=\"https:\/\/www.star-ts.com\/wp-content\/uploads\/2017\/11\/colour-1885352_1280.jpg 1280w, https:\/\/www.star-ts.com\/wp-content\/uploads\/2017\/11\/colour-1885352_1280-80x57.jpg 80w, https:\/\/www.star-ts.com\/wp-content\/uploads\/2017\/11\/colour-1885352_1280-300x212.jpg 300w, https:\/\/www.star-ts.com\/wp-content\/uploads\/2017\/11\/colour-1885352_1280-768x542.jpg 768w, https:\/\/www.star-ts.com\/wp-content\/uploads\/2017\/11\/colour-1885352_1280-1030x727.jpg 1030w, https:\/\/www.star-ts.com\/wp-content\/uploads\/2017\/11\/colour-1885352_1280-260x185.jpg 260w, https:\/\/www.star-ts.com\/wp-content\/uploads\/2017\/11\/colour-1885352_1280-705x498.jpg 705w, https:\/\/www.star-ts.com\/wp-content\/uploads\/2017\/11\/colour-1885352_1280-450x318.jpg 450w\" sizes=\"(max-width: 1280px) 100vw, 1280px\" \/><\/p>\n<h1>An Bhr\u00ed at\u00e1 le Dath timpeall an Domhain<\/h1>\n<p>Sa l\u00e1 at\u00e1 inniu ann m\u00e1 t\u00e1 t\u00fa ag d\u00e9anamh do ghn\u00f3 ar leibh\u00e9al idirn\u00e1isi\u00fanta t\u00e1 taith\u00ed agat ar d&#8217;aird a dh\u00edri\u00fa ar chult\u00far agus t\u00fa ag dearadh t\u00e1irg\u00ed. B\u2019fh\u00e9idir nach n-oibreodh rud i gcult\u00far amh\u00e1in c\u00e9 go n-oibreodh s\u00e9 i gcult\u00far eile agus mar sin n\u00ed m\u00f3r duit a bheith ar an eolas faoi seo.<\/p>\n<p>Mar sin f\u00e9in is cuid den chult\u00far nach dtugtar aird uirthi go minic \u00e9 &#8220;Dath&#8221;. N\u00edl dathanna d\u00edolmhaithe \u00f3 na rialacha log\u00e1naithe agus oiri\u00fanaithe cult\u00fartha. Is f\u00e9idir le dath ruda\u00ed difri\u00fala a chur in i\u00fal ag brath ar an \u00e1it as a dtagann t\u00fa. San alt seo t\u00e1imid chun liosta \u00e1isi\u00fail a thabhairt duit de r\u00e9igi\u00fain, dathanna agus an bhr\u00ed at\u00e1 leo chun cabhr\u00fa leat le d&#8217;obair dhearaidh.<\/p>\n<p>Baineann seirbh\u00eds\u00ed aistri\u00fach\u00e1in le heolas a chur ar f\u00e1il do chustaim\u00e9ir\u00ed. \u00c1ir\u00edtear sa chumars\u00e1id gach rud a fheicimid, a chloisimid n\u00f3 a theagmha\u00edmid chomh maith. Mar ghn\u00edomhaireacht aistri\u00fach\u00e1in ghairmi\u00fail n\u00ed m\u00f3r d\u00fainn a bheith feasach maidir le dath i ndearadh agus i r\u00e9ims\u00ed ar n\u00f3s na n-\u00edomh\u00e1nna a \u00fas\u00e1idimid, guthuithe, fuaime agus an chuma at\u00e1 ar th\u00e1irg\u00ed agus an chaoi a motha\u00edonn custaimeir\u00ed iad. Is cuid l\u00e1rnach d\u00e1r r\u00f3l \u00e9 feasacht idirn\u00e1isi\u00fanta a bheith againn mar go bhfuilimid ag obair le custaim\u00e9ir\u00ed a dh\u00edolann ar fud an domhain.<\/p>\n<p style=\"text-align: center;\"><strong><em>Cult\u00fair an Iarthair (na St\u00e1it Aontaithe agus Iarthar na hEorpa):<\/em><\/strong><\/p>\n<hr \/>\n<p><strong><span style=\"color: #ffcc00;\">Bu\u00ed<\/span><\/strong><br \/>\nIs f\u00e9idir le teas na gr\u00e9ine (dath an tsamhraidh), f\u00e1ilteachas a chur in i\u00fal. Sa Fhrainc agus sa Ghearm\u00e1in, is f\u00e9idir go gciall\u00f3dh s\u00e9 \u00e9ad.<br \/>\n<strong><span style=\"color: #ff6600;\">Or\u00e1iste<\/span><\/strong><br \/>\nF\u00f3mhar, teas, baint an fh\u00f3mhair, inacmhainneacht. San \u00cdsilt\u00edr baineann s\u00e9 le r\u00edochas. \u00d3 thaobh na brand\u00e1la de t\u00e1 s\u00e9 n\u00edos feili\u00fana\u00ed do leana\u00ed agus taitn\u00edonn s\u00e9 le tobcheannaitheoir\u00ed. L\u00e9ir\u00edonn s\u00e9 fiosracht agus cruthaitheacht freisin.<br \/>\n<strong><span style=\"color: #ff0000;\">Dearg<\/span><\/strong><br \/>\nGr\u00e1, Cont\u00fairt, Gn\u00edomh.<br \/>\n<strong><span style=\"color: #ff99cc;\">B\u00e1ndearg<\/span><\/strong><br \/>\nBan\u00falacht, gr\u00e1, r\u00f3m\u00e1nsa\u00edocht, cion.<br \/>\n<strong><span style=\"color: #993300;\">Donn<\/span><\/strong><br \/>\nPraitici\u00falacht, Compord agus Seasmhacht.<br \/>\n<strong><span style=\"color: #008000;\">Uaine<\/span><\/strong><br \/>\nGo minic is \u00e9ad a chuirtear in i\u00fal. In \u00c9irinn, seasann s\u00e9 don \u00e1dh, mar gheall ar an tseamr\u00f3g. Is f\u00e9idir leis dul chun cinn agus feasacht comhshaoil, saint, earrach, airgead agus \u00faire a l\u00e9iri\u00fa freisin.<br \/>\n<strong><span style=\"color: #0000ff;\">Gorm<\/span><\/strong><br \/>\nIontaobhas agus \u00fadar\u00e1s. Bainteach le suaimhneas agus buairt freisin (\u201cHaving the blues&#8221; a bheith in \u00edsle br\u00ed). Fear\u00falacht.<br \/>\n<strong><span style=\"color: #800080;\">Corcra<\/span><\/strong><br \/>\nR\u00edochas, spiorad\u00e1ltacht, saibhreas agus cl\u00fa. I gcodanna \u00e1irithe den Eoraip, baineann s\u00e9 le b\u00e1s.<br \/>\n<strong><span style=\"color: #000000;\">Dubh<\/span><\/strong><br \/>\nIs f\u00e9idir leis sofaistici\u00falacht agus foirmi\u00falacht a l\u00e9iri\u00fa. Tugann s\u00e9 b\u00e1s, br\u00f3n, imeagl\u00fa agus sochraid\u00ed le fios.<br \/>\n<strong>B\u00e1n<\/strong><br \/>\nGlaineacht, neamhchiontacht, maitheas agus s\u00edoch\u00e1in. \u00das\u00e1idtear b\u00e1n ag sochraid\u00ed san Iod\u00e1il. <img decoding=\"async\" class=\"aligncenter size-full wp-image-18929\" src=\"https:\/\/www.star-ts.com\/wp-content\/uploads\/2017\/11\/pencils.jpg\" alt=\"pencils\" width=\"1276\" height=\"256\" srcset=\"https:\/\/www.star-ts.com\/wp-content\/uploads\/2017\/11\/pencils.jpg 1276w, https:\/\/www.star-ts.com\/wp-content\/uploads\/2017\/11\/pencils-80x16.jpg 80w, https:\/\/www.star-ts.com\/wp-content\/uploads\/2017\/11\/pencils-300x60.jpg 300w, https:\/\/www.star-ts.com\/wp-content\/uploads\/2017\/11\/pencils-768x154.jpg 768w, https:\/\/www.star-ts.com\/wp-content\/uploads\/2017\/11\/pencils-1030x207.jpg 1030w, https:\/\/www.star-ts.com\/wp-content\/uploads\/2017\/11\/pencils-705x141.jpg 705w, https:\/\/www.star-ts.com\/wp-content\/uploads\/2017\/11\/pencils-450x90.jpg 450w\" sizes=\"(max-width: 1276px) 100vw, 1276px\" \/><\/p>\n<p style=\"text-align: center;\"><em><strong>Cult\u00fair an Oirthir\/na h\u00c1ise:<\/strong><\/em><\/p>\n<hr \/>\n<p><strong><span style=\"color: #ffcc00;\">Bu\u00ed<\/span><\/strong><br \/>\nGn\u00e9ithe dearfacha aige. Sa tSeap\u00e1in, is dath r\u00edoga \u00e9 a l\u00e9ir\u00edonn misneach agus rath. Sa tS\u00edn cialla\u00edonn s\u00e9 pornagrafa\u00edocht. Sa T\u00e9alainn is dath \u00e1dh\u00fail \u00e9 don Luan.<br \/>\n<strong><span style=\"color: #ff6600;\">Or\u00e1iste<\/span><\/strong><br \/>\nIs dath diaga \u00e9 san India a chialla\u00edonn gr\u00e1, spiorad\u00e1ltacht (faoi thionchar l\u00e1idir Hiond\u00fach\/B\u00fada\u00edoch). Sa tSeap\u00e1in\/tS\u00edn cialla\u00edonn s\u00e9 misneach, sonas, rath agus dea-shl\u00e1inte.<br \/>\n<strong><span style=\"color: #ff0000;\">Dearg<\/span><\/strong><br \/>\n\u00c1dh, Saol Fada, sonas, rath, fuinneamh (San India, an dath is l\u00e1idre = glaineacht, saibhreas, torth\u00falacht, gr\u00e1, \u00e1illeacht, cumhacht).<br \/>\n<strong><span style=\"color: #ff00ff;\">B\u00e1ndearg<\/span><\/strong><br \/>\nBan\u00falacht, gr\u00e1, r\u00f3m\u00e1nsa\u00edocht, cion. Sa tSeap\u00e1in, baineann s\u00e9 n\u00edos m\u00f3 le fir n\u00e1 le mn\u00e1. Sa Ch\u00f3ir\u00e9, l\u00e9ir\u00edonn s\u00e9 iontaoibh.<br \/>\n<span style=\"color: #993300;\"><strong>Donn<\/strong><\/span><br \/>\nBr\u00f3n san India. Cr\u00e9, D\u00edcheallach don chuid eile.<br \/>\n<strong><span style=\"color: #008000;\">Uaine<\/span><\/strong><br \/>\nN\u00e1d\u00far, torth\u00falacht, d\u00f3chas, saol agus \u00f3ige. Sa tS\u00edn cialla\u00edonn s\u00e9 m\u00eddh\u00edlseacht.<br \/>\n<strong><span style=\"color: #0000ff;\">Gorm<\/span><\/strong><br \/>\nNeamhbh\u00e1smhaireacht, ban\u00fail, leigheas agus sc\u00edth. San India, l\u00e9ir\u00edonn s\u00e9 sp\u00f3rt agus neart.<br \/>\n<strong><span style=\"color: #800080;\">Corcra<\/span><\/strong><br \/>\nSaibhreas, pribhl\u00e9id, r\u00edochas agus spiorad\u00e1ltacht. Uaisleacht, compord agus br\u00f3n san India. Comhartha br\u00f3in sa T\u00e9alainn.<br \/>\n<span style=\"color: #000000;\"><strong>Dubh<\/strong><\/span><br \/>\nSa tS\u00edn, sin na dathanna do bhuachaill\u00ed beaga agus tugann s\u00e9 dea-shl\u00e1inte, cobhsa\u00edocht agus rath le fios chomh maith. Sa tSeap\u00e1in, cialla\u00edonn s\u00e9 mist\u00e9ir agus fuinneamh ban\u00fail. San India, donas, \u00e9ir\u00ed amach, dorchadas, di\u00faltachas n\u00f3 b\u00e1s.<br \/>\n<strong>B\u00e1n<\/strong><br \/>\nL\u00e9ir\u00edonn s\u00e9 b\u00e1s agus br\u00f3n chomh maith le m\u00edshonas agus m\u00ed-\u00e1dh. <img decoding=\"async\" class=\"aligncenter size-full wp-image-18929\" src=\"https:\/\/www.star-ts.com\/wp-content\/uploads\/2017\/11\/pencils.jpg\" alt=\"pencils\" width=\"1276\" height=\"256\" srcset=\"https:\/\/www.star-ts.com\/wp-content\/uploads\/2017\/11\/pencils.jpg 1276w, https:\/\/www.star-ts.com\/wp-content\/uploads\/2017\/11\/pencils-80x16.jpg 80w, https:\/\/www.star-ts.com\/wp-content\/uploads\/2017\/11\/pencils-300x60.jpg 300w, https:\/\/www.star-ts.com\/wp-content\/uploads\/2017\/11\/pencils-768x154.jpg 768w, https:\/\/www.star-ts.com\/wp-content\/uploads\/2017\/11\/pencils-1030x207.jpg 1030w, https:\/\/www.star-ts.com\/wp-content\/uploads\/2017\/11\/pencils-705x141.jpg 705w, https:\/\/www.star-ts.com\/wp-content\/uploads\/2017\/11\/pencils-450x90.jpg 450w\" sizes=\"(max-width: 1276px) 100vw, 1276px\" \/><\/p>\n<p style=\"text-align: center;\"><em><strong>An Me\u00e1noirthear:<\/strong><\/em><\/p>\n<hr \/>\n<p><strong><span style=\"color: #ffcc00;\">Bu\u00ed<\/span><\/strong><br \/>\nSan \u00c9igipt cialla\u00edonn s\u00e9 br\u00f3n. T\u00e1 s\u00e9 n\u00edos dearfa\u00ed sa chuid eile go ginear\u00e1lta \u00e1fach agus cialla\u00edonn s\u00e9 sonas agus rath.<br \/>\n<strong><span style=\"color: #ff6600;\">Or\u00e1iste<\/span><\/strong><br \/>\nBr\u00f3n agus b\u00e1s.<br \/>\n<strong><span style=\"color: #ff0000;\">Dearg<\/span><\/strong><br \/>\nCont\u00fairt, faichill agus olc.<br \/>\n<span style=\"color: #993300;\"><strong>Donn<\/strong><\/span><br \/>\nS\u00edoch\u00e1in, Cr\u00e9 agus compord.<br \/>\n<span style=\"color: #008000;\"><strong>Uaine<\/strong><\/span><br \/>\nTorth\u00falacht, neart agus an t-\u00e1dh. Dath Ioslam.<br \/>\n<span style=\"color: #0000ff;\"><strong>Gorm<\/strong><\/span><br \/>\nS\u00e1bh\u00e1ilteacht, neamh agus spiorad\u00e1ltacht. Cialla\u00edonn s\u00e9 br\u00f3n freisin.<br \/>\n<span style=\"color: #800080;\"><strong>Corcra<\/strong><\/span><br \/>\nSaibhreas, su\u00e1ilce agus r\u00edochas.<br \/>\n<span style=\"color: #000000;\"><strong>Dubh<\/strong><\/span><br \/>\nOlc, mist\u00e9ir agus br\u00f3n. Is f\u00e9idir leis athbhreith a l\u00e9iri\u00fa freisin.<br \/>\n<strong>B\u00e1n<\/strong><br \/>\nGlaineacht agus br\u00f3n.<\/p>\n<p><img decoding=\"async\" class=\"aligncenter size-full wp-image-18929\" src=\"https:\/\/www.star-ts.com\/wp-content\/uploads\/2017\/11\/pencils.jpg\" alt=\"pencils\" width=\"1276\" height=\"256\" srcset=\"https:\/\/www.star-ts.com\/wp-content\/uploads\/2017\/11\/pencils.jpg 1276w, https:\/\/www.star-ts.com\/wp-content\/uploads\/2017\/11\/pencils-80x16.jpg 80w, https:\/\/www.star-ts.com\/wp-content\/uploads\/2017\/11\/pencils-300x60.jpg 300w, https:\/\/www.star-ts.com\/wp-content\/uploads\/2017\/11\/pencils-768x154.jpg 768w, https:\/\/www.star-ts.com\/wp-content\/uploads\/2017\/11\/pencils-1030x207.jpg 1030w, https:\/\/www.star-ts.com\/wp-content\/uploads\/2017\/11\/pencils-705x141.jpg 705w, https:\/\/www.star-ts.com\/wp-content\/uploads\/2017\/11\/pencils-450x90.jpg 450w\" sizes=\"(max-width: 1276px) 100vw, 1276px\" \/><\/p>\n<p style=\"text-align: center;\"><em><strong>Meirice\u00e1 Laidineach:<\/strong><\/em><\/p>\n<hr \/>\n<p><strong><span style=\"color: #ffcc00;\">Bu\u00ed<\/span><\/strong><br \/>\nBr\u00f3n.<br \/>\n<strong><span style=\"color: #ff6600;\">Or\u00e1iste<\/span><\/strong><br \/>\nGrian agus Cr\u00e9.<br \/>\n<span style=\"color: #ff0000;\"><strong>Dearg<\/strong><\/span><br \/>\nPaisean.<br \/>\n<strong><span style=\"color: #ff00ff;\">B\u00e1ndearg<\/span><\/strong><br \/>\nT\u00e1 s\u00e9 siombalach san ailtireacht.<br \/>\n<span style=\"color: #008000;\"><strong>Uaine <\/strong><\/span><br \/>\nDath n\u00e1isi\u00fanta <a href=\"https:\/\/www.star-ts.com\/ga\/seirbhisi-aistriuchain-spainnise-aistritheoiri-daonna\/\">Mheicsiceo<\/a> a chialla\u00edonn t\u00edrghr\u00e1. Ach cialla\u00edonn s\u00e9 b\u00e1s i roinnt t\u00edortha de chuid Mheirice\u00e1 Laidinigh agus Mheirice\u00e1 Theas.<br \/>\n<strong><span style=\"color: #0000ff;\">Gorm<\/span><\/strong><br \/>\nIs f\u00e9idir leis br\u00f3n a l\u00e9iri\u00fa i Meicsiceo.<br \/>\n<strong><span style=\"color: #800080;\">Corcra<\/span><\/strong><br \/>\nSa Bhrasa\u00edl, l\u00e9ir\u00edonn s\u00e9 br\u00f3n n\u00f3 b\u00e1s.<br \/>\n<strong><span style=\"color: #000000;\">Dubh<\/span><\/strong><br \/>\nFear\u00falacht agus \u00fas\u00e1idtear \u00e9 don bhr\u00f3n chomh maith.<br \/>\n<strong>B\u00e1n<\/strong><br \/>\nS\u00edoch\u00e1in.<\/p>\n<p><img decoding=\"async\" class=\"aligncenter size-full wp-image-18929\" src=\"https:\/\/www.star-ts.com\/wp-content\/uploads\/2017\/11\/pencils.jpg\" alt=\"pencils\" width=\"1276\" height=\"256\" srcset=\"https:\/\/www.star-ts.com\/wp-content\/uploads\/2017\/11\/pencils.jpg 1276w, https:\/\/www.star-ts.com\/wp-content\/uploads\/2017\/11\/pencils-80x16.jpg 80w, https:\/\/www.star-ts.com\/wp-content\/uploads\/2017\/11\/pencils-300x60.jpg 300w, https:\/\/www.star-ts.com\/wp-content\/uploads\/2017\/11\/pencils-768x154.jpg 768w, https:\/\/www.star-ts.com\/wp-content\/uploads\/2017\/11\/pencils-1030x207.jpg 1030w, https:\/\/www.star-ts.com\/wp-content\/uploads\/2017\/11\/pencils-705x141.jpg 705w, https:\/\/www.star-ts.com\/wp-content\/uploads\/2017\/11\/pencils-450x90.jpg 450w\" sizes=\"(max-width: 1276px) 100vw, 1276px\" \/><\/p>\n<p style=\"text-align: center;\"><em><strong>An Afraic:<\/strong><\/em><\/p>\n<hr \/>\n<p><strong><span style=\"color: #ffcc00;\">Bu\u00ed<\/span><\/strong><br \/>\nSaibhreas agus st\u00e1das.<br \/>\n<strong><span style=\"color: #ff0000;\">Dearg<\/span><\/strong><br \/>\n\u00cdobairt agus br\u00f3n.<br \/>\n<strong><span style=\"color: #800080;\">Corcra<\/span><\/strong><br \/>\nR\u00edochas agus Saibhreas.<br \/>\n<span style=\"color: #000000;\"><strong>Dubh<\/strong><\/span><br \/>\nAib\u00edocht agus Fear\u00falacht go ginear\u00e1lta.<br \/>\n<strong>B\u00e1n<\/strong><br \/>\nS\u00edoch\u00e1in, glaineacht, maitheas agus dea-\u00e1dh. San Aet\u00f3ip, l\u00e9ir\u00edonn s\u00e9 tinneas.<br \/>\nMaidir leat f\u00e9in, an bhfuil eolas agat ar aon bhr\u00ed eile leis na dathanna seo timpeall an domhain? Tabhair do bhar\u00fail th\u00edos agus inis d\u00fainn do thuairim faoi na cult\u00fair \u00e9ags\u00fala seo.<\/p>\n<p><strong>Su\u00edmh dhearaidh \u00fas\u00e1ideacha eile duit&#8230;<br \/>\n<\/strong><\/p>\n<ul>\n<li>HuffingtonPost: <a href=\"https:\/\/www.huffingtonpost.com\/smartertravel\/what-colors-mean-in-other_b_9078674.html\" target=\"_blank\" rel=\"noopener\">C\u00e9n bhr\u00ed at\u00e1 le dathanna<\/a><\/li>\n<li>Zevendesign: <a href=\"https:\/\/zevendesign.com\/color-association\/\" target=\"_blank\" rel=\"noopener\">Comhcheangal Dathanna<\/a><\/li>\n<li>Fastcompany: <a href=\"https:\/\/www.fastcompany.com\/3028378\/what-your-logos-color-says-about-your-company-infographic\" target=\"_blank\" rel=\"noopener\">L\u00f3g\u00f3nna agus Dath<\/a><\/li>\n<li>Creativebloq: <a href=\"https:\/\/www.creativebloq.com\/branding\/amazing-uses-colour-6133196\" target=\"_blank\" rel=\"noopener\">\u00das\u00e1id Iontach Dathanna<\/a><\/li>\n<li>Lifehack: <a href=\"https:\/\/www.lifehack.org\/articles\/communication\/colors-and-what-they-mean-around-the-world.html\" target=\"_blank\" rel=\"noopener\">Dathanna agus a mbr\u00ed<\/a><\/li>\n<\/ul>\n<\/div><\/section>\n","protected":false},"excerpt":{"rendered":"<p>N\u00edl dathanna d\u00edolmhaithe \u00f3 na rialacha log\u00e1naithe agus oiri\u00fanaithe cult\u00fartha. Is f\u00e9idir le dath ruda\u00ed difri\u00fala a chur in i\u00fal ag brath ar an \u00e1it as a dtagann t\u00fa. San alt seo t\u00e1imid chun liosta \u00e1isi\u00fail a thabhairt duit de r\u00e9igi\u00fain, dathanna agus an bhr\u00ed at\u00e1 leo chun cabhr\u00fa leat le d&#8217;obair dhearaidh.<\/p>\n","protected":false},"author":170,"featured_media":0,"comment_status":"open","ping_status":"open","sticky":false,"template":"","format":"standard","meta":{"footnotes":""},"categories":[10549],"tags":[],"class_list":["post-116353","post","type-post","status-publish","format-standard","hentry","category-aistriuchan"],"_links":{"self":[{"href":"https:\/\/www.star-ts.com\/ga\/wp-json\/wp\/v2\/posts\/116353","targetHints":{"allow":["GET"]}}],"collection":[{"href":"https:\/\/www.star-ts.com\/ga\/wp-json\/wp\/v2\/posts"}],"about":[{"href":"https:\/\/www.star-ts.com\/ga\/wp-json\/wp\/v2\/types\/post"}],"author":[{"embeddable":true,"href":"https:\/\/www.star-ts.com\/ga\/wp-json\/wp\/v2\/users\/170"}],"replies":[{"embeddable":true,"href":"https:\/\/www.star-ts.com\/ga\/wp-json\/wp\/v2\/comments?post=116353"}],"version-history":[{"count":0,"href":"https:\/\/www.star-ts.com\/ga\/wp-json\/wp\/v2\/posts\/116353\/revisions"}],"wp:attachment":[{"href":"https:\/\/www.star-ts.com\/ga\/wp-json\/wp\/v2\/media?parent=116353"}],"wp:term":[{"taxonomy":"category","embeddable":true,"href":"https:\/\/www.star-ts.com\/ga\/wp-json\/wp\/v2\/categories?post=116353"},{"taxonomy":"post_tag","embeddable":true,"href":"https:\/\/www.star-ts.com\/ga\/wp-json\/wp\/v2\/tags?post=116353"}],"curies":[{"name":"wp","href":"https:\/\/api.w.org\/{rel}","templated":true}]}}